{"id":6045,"date":"2025-01-23T14:28:41","date_gmt":"2025-01-23T13:28:41","guid":{"rendered":"https:\/\/www.ledracy.com\/?p=6045"},"modified":"2025-01-23T14:28:42","modified_gmt":"2025-01-23T13:28:42","slug":"evenement-repas-annuel-des-aines-a-dracy-le-fort","status":"publish","type":"post","link":"https:\/\/www.ledracy.com\/en\/evenement-repas-annuel-des-aines-a-dracy-le-fort\/","title":{"rendered":"Ev\u00e8nement : Repas annuel des ain\u00e9s \u00e0 Dracy-le-fort"},"content":{"rendered":"<h2 class=\"wp-block-heading\">Une tradition qui r\u00e9chauffe les c\u0153urs \u00e0 Dracy-le-Fort<\/h2>\n\n\n\n<p>Chaque ann\u00e9e, <strong>depuis plus de 20ans<\/strong>, c&rsquo;est avec joie et engagement que notre \u00e9quipe du <strong>restaurant La Garenne<\/strong> se d\u00e9place pour <em>pr\u00e9parer et servir le repas des a\u00een\u00e9s de Dracy-le-Fort<\/em>, organis\u00e9 par la mairie dans la salle des f\u00eates du village.<\/p>\n\n\n\n<p><strong>140 convives<\/strong> r\u00e9unis cette ann\u00e9e pour partager un moment de convivialit\u00e9, autour d\u2019un repas soigneusement pr\u00e9par\u00e9 par notre \u00e9quipe.<\/p>\n\n\n\n<p><strong>Un grand succ\u00e8s, comme chaque ann\u00e9e depuis plus de 20 ans !<\/strong><\/p>\n\n\n\n<p>Merci \u00e0 la mairie de Dracy-le-Fort de nous renouveler sa confiance, et surtout, merci \u00e0 nos a\u00een\u00e9s pour leurs sourires et leur bonne humeur !<\/p>\n\n\n\n<figure class=\"wp-block-image size-large\"><img fetchpriority=\"high\" decoding=\"async\" width=\"1024\" height=\"614\" src=\"https:\/\/www.ledracy.com\/wp-content\/uploads\/2025\/01\/WhatsApp-Image-2025-01-21-a-19.55.57_8538072d-1024x614.jpg\" alt=\"\" class=\"wp-image-6083\" title=\"\" srcset=\"https:\/\/www.ledracy.com\/wp-content\/uploads\/2025\/01\/WhatsApp-Image-2025-01-21-a-19.55.57_8538072d-1024x614.jpg 1024w, https:\/\/www.ledracy.com\/wp-content\/uploads\/2025\/01\/WhatsApp-Image-2025-01-21-a-19.55.57_8538072d-300x180.jpg 300w, https:\/\/www.ledracy.com\/wp-content\/uploads\/2025\/01\/WhatsApp-Image-2025-01-21-a-19.55.57_8538072d-768x460.jpg 768w, https:\/\/www.ledracy.com\/wp-content\/uploads\/2025\/01\/WhatsApp-Image-2025-01-21-a-19.55.57_8538072d-18x12.jpg 18w, https:\/\/www.ledracy.com\/wp-content\/uploads\/2025\/01\/WhatsApp-Image-2025-01-21-a-19.55.57_8538072d.jpg 1201w\" sizes=\"(max-width: 1024px) 100vw, 1024px\" \/><\/figure>\n\n\n\n<figure class=\"wp-block-image size-large\"><img decoding=\"async\" width=\"1024\" height=\"768\" src=\"https:\/\/www.ledracy.com\/wp-content\/uploads\/2025\/01\/WhatsApp-Image-2025-01-21-a-19.55.57_3b6a501c-1-1024x768.jpg\" alt=\"\" class=\"wp-image-6086\" title=\"\" srcset=\"https:\/\/www.ledracy.com\/wp-content\/uploads\/2025\/01\/WhatsApp-Image-2025-01-21-a-19.55.57_3b6a501c-1-1024x768.jpg 1024w, https:\/\/www.ledracy.com\/wp-content\/uploads\/2025\/01\/WhatsApp-Image-2025-01-21-a-19.55.57_3b6a501c-1-300x225.jpg 300w, https:\/\/www.ledracy.com\/wp-content\/uploads\/2025\/01\/WhatsApp-Image-2025-01-21-a-19.55.57_3b6a501c-1-768x576.jpg 768w, https:\/\/www.ledracy.com\/wp-content\/uploads\/2025\/01\/WhatsApp-Image-2025-01-21-a-19.55.57_3b6a501c-1-1536x1152.jpg 1536w, https:\/\/www.ledracy.com\/wp-content\/uploads\/2025\/01\/WhatsApp-Image-2025-01-21-a-19.55.57_3b6a501c-1-16x12.jpg 16w, https:\/\/www.ledracy.com\/wp-content\/uploads\/2025\/01\/WhatsApp-Image-2025-01-21-a-19.55.57_3b6a501c-1.jpg 1600w\" sizes=\"(max-width: 1024px) 100vw, 1024px\" \/><\/figure>","protected":false},"excerpt":{"rendered":"<p>Une tradition qui r\u00e9chauffe les c\u0153urs \u00e0 Dracy-le-Fort Chaque ann\u00e9e, depuis plus de 20ans, c&rsquo;est avec joie et engagement que notre \u00e9quipe du restaurant La Garenne se d\u00e9place pour pr\u00e9parer et servir le repas des a\u00een\u00e9s de Dracy-le-Fort, organis\u00e9 par la mairie dans la salle des f\u00eates du village. 140 convives r\u00e9unis cette ann\u00e9e pour [&hellip;]<\/p>\n","protected":false},"author":15,"featured_media":6085,"comment_status":"closed","ping_status":"closed","sticky":false,"template":"","format":"standard","meta":{"_acf_changed":false,"inline_featured_image":false,"footnotes":""},"categories":[17],"tags":[],"class_list":["post-6045","post","type-post","status-publish","format-standard","has-post-thumbnail","hentry","category-actualites"],"acf":[],"_links":{"self":[{"href":"https:\/\/www.ledracy.com\/en\/wp-json\/wp\/v2\/posts\/6045","targetHints":{"allow":["GET"]}}],"collection":[{"href":"https:\/\/www.ledracy.com\/en\/wp-json\/wp\/v2\/posts"}],"about":[{"href":"https:\/\/www.ledracy.com\/en\/wp-json\/wp\/v2\/types\/post"}],"author":[{"embeddable":true,"href":"https:\/\/www.ledracy.com\/en\/wp-json\/wp\/v2\/users\/15"}],"replies":[{"embeddable":true,"href":"https:\/\/www.ledracy.com\/en\/wp-json\/wp\/v2\/comments?post=6045"}],"version-history":[{"count":1,"href":"https:\/\/www.ledracy.com\/en\/wp-json\/wp\/v2\/posts\/6045\/revisions"}],"predecessor-version":[{"id":6087,"href":"https:\/\/www.ledracy.com\/en\/wp-json\/wp\/v2\/posts\/6045\/revisions\/6087"}],"wp:featuredmedia":[{"embeddable":true,"href":"https:\/\/www.ledracy.com\/en\/wp-json\/wp\/v2\/media\/6085"}],"wp:attachment":[{"href":"https:\/\/www.ledracy.com\/en\/wp-json\/wp\/v2\/media?parent=6045"}],"wp:term":[{"taxonomy":"category","embeddable":true,"href":"https:\/\/www.ledracy.com\/en\/wp-json\/wp\/v2\/categories?post=6045"},{"taxonomy":"post_tag","embeddable":true,"href":"https:\/\/www.ledracy.com\/en\/wp-json\/wp\/v2\/tags?post=6045"}],"curies":[{"name":"wp","href":"https:\/\/api.w.org\/{rel}","templated":true}]}}